{"id":1241,"date":"2020-10-11T07:07:37","date_gmt":"2020-10-11T07:07:37","guid":{"rendered":"https:\/\/kaijahinkula.com\/?p=1241"},"modified":"2020-10-11T07:10:55","modified_gmt":"2020-10-11T07:10:55","slug":"kuvan-kevat","status":"publish","type":"post","link":"https:\/\/kaijahinkula.com\/?p=1241","title":{"rendered":"KUVAN KEV\u00c4T \/ Exhibition Laboratory, Helsinki"},"content":{"rendered":"\n<p>11.10. &#8211; 8.11.2020 Exhibition Laboratory, Helsinki<\/p>\n\n\n\n<p>Toukokuulta koronan takia peruutettu maisterin\u00e4yttely j\u00e4rjestet\u00e4\u00e4n t\u00e4n\u00e4 vuonna loka-marraskuussa. N\u00e4yttelyyn osallistuu 39 kuvataiteen maisterin tutkintoaan viimeistelev\u00e4\u00e4 taiteilijaa Kuvataideakatemian opetusalueilta: maalaus, kuvanveisto, taidegrafiikka ja tila-aikataiteet.<\/p>\n\n\n\n<p>N\u00e4yttely on esill\u00e4 kolmessa n\u00e4yttelytilassa:<br>Exhibition Laboratory C, Merimiehenkatu 36, C-rappu<br>Exhibition Laboratory B, Merimiehenkatu 36, B-rappu<br>Project Room, L\u00f6nnrotinkatu 35<\/p>\n\n\n\n<p>Avoinna ti\u2013su 11\u201318. Vapaa p\u00e4\u00e4sy.Muutokset mahdollisia!<\/p>\n\n\n\n<p><a href=\"https:\/\/www.exhibitionlaboratory.fi\/taiteilija\/sampo-aatos\">Sampo Aatos<\/a><a href=\"https:\/\/www.exhibitionlaboratory.fi\/taiteilija\/henna-aho\">Henna Aho<\/a><a href=\"https:\/\/www.exhibitionlaboratory.fi\/taiteilija\/inka-bell\"> Inka Bell <\/a><a href=\"https:\/\/www.exhibitionlaboratory.fi\/taiteilija\/heta-bilaletdin\">Heta Bilaletdin<\/a><a href=\"https:\/\/www.exhibitionlaboratory.fi\/taiteilija\/anna-broms\"> Anna Broms<\/a><a href=\"https:\/\/www.exhibitionlaboratory.fi\/taiteilija\/laura-dahlberg\"> Laura Dahlberg <\/a><a href=\"https:\/\/www.exhibitionlaboratory.fi\/taiteilija\/ida-sofia-fleming\">Ida Sofia Fleming<\/a><a href=\"https:\/\/www.exhibitionlaboratory.fi\/taiteilija\/venla-helenius\"> Venla Helenius<\/a><a href=\"https:\/\/www.exhibitionlaboratory.fi\/taiteilija\/kaija-hinkula\"> Kaija Hinkula <\/a><a href=\"https:\/\/www.exhibitionlaboratory.fi\/taiteilija\/tuomas-holst\">Tuomas Holst <\/a><a href=\"https:\/\/www.exhibitionlaboratory.fi\/taiteilija\/verna-joki\">Verna Joki <\/a><a href=\"https:\/\/www.exhibitionlaboratory.fi\/taiteilija\/maaria-jokimies\">Maaria Jokimies <\/a><a href=\"https:\/\/www.exhibitionlaboratory.fi\/taiteilija\/topi-juntunen\">Topi Juntunen <\/a><a href=\"https:\/\/www.exhibitionlaboratory.fi\/taiteilija\/hanna-kanto\">Hanna Kanto <\/a><a href=\"https:\/\/www.exhibitionlaboratory.fi\/taiteilija\/teresa-kari\">Teresa Kari <\/a><a href=\"https:\/\/www.exhibitionlaboratory.fi\/taiteilija\/reetta-koskinen\">Reetta Koskinen <\/a><a href=\"https:\/\/www.exhibitionlaboratory.fi\/taiteilija\/aura-kotkavirta\">Aura Kotkavirta <\/a><a href=\"https:\/\/www.exhibitionlaboratory.fi\/taiteilija\/eva-lamppu\">Eva Lamppu <\/a><a href=\"https:\/\/www.exhibitionlaboratory.fi\/taiteilija\/iisa-lepisto\">Iisa Lepist\u00f6 <\/a><a href=\"https:\/\/www.exhibitionlaboratory.fi\/taiteilija\/aino-lintunen\">Aino Lintunen <\/a><a href=\"https:\/\/www.exhibitionlaboratory.fi\/taiteilija\/emma-luukkala\">Emma Luukkala <\/a><a href=\"https:\/\/www.exhibitionlaboratory.fi\/taiteilija\/maisa-majakka\">Maisa Majakka<\/a><a href=\"https:\/\/www.exhibitionlaboratory.fi\/taiteilija\/sari-majander\"> Sari Majander <\/a><a href=\"https:\/\/www.exhibitionlaboratory.fi\/taiteilija\/inga-meldere\">Inga Meldere <\/a><a href=\"https:\/\/www.exhibitionlaboratory.fi\/taiteilija\/emma-nurminen\">Emma Nurminen <\/a><a href=\"https:\/\/www.exhibitionlaboratory.fi\/taiteilija\/rosaliina-paavilainen\">Rosaliina Paavilainen<\/a><a href=\"https:\/\/www.exhibitionlaboratory.fi\/taiteilija\/jaakko-pietilainen\"> Jaakko Pietil\u00e4inen <\/a><a href=\"https:\/\/www.exhibitionlaboratory.fi\/taiteilija\/sampsa-pirtola\">Sampsa Pirtola <\/a><a href=\"https:\/\/www.exhibitionlaboratory.fi\/taiteilija\/iiri-poteri\">Iiri Poteri<\/a><a href=\"https:\/\/www.exhibitionlaboratory.fi\/taiteilija\/salome-rajanti\"> Salome Rajanti<\/a><a href=\"https:\/\/www.exhibitionlaboratory.fi\/taiteilija\/mia-saharla\"> Mia Saharla <\/a><a href=\"https:\/\/www.exhibitionlaboratory.fi\/taiteilija\/sandra-schneider\">Sandra Schneider <\/a><a href=\"https:\/\/www.exhibitionlaboratory.fi\/taiteilija\/val-smets\">Val Smets <\/a><a href=\"https:\/\/www.exhibitionlaboratory.fi\/taiteilija\/emilia-tanner\">Emilia Tanner<\/a><a href=\"https:\/\/www.exhibitionlaboratory.fi\/taiteilija\/lauri-tiainen\"> Lauri Tiainen<\/a><a href=\"https:\/\/www.exhibitionlaboratory.fi\/taiteilija\/toni-vallasjoki\"> Toni Vallasjoki <\/a><a href=\"https:\/\/www.exhibitionlaboratory.fi\/taiteilija\/timo-viialainen\">Timo Viialainen<\/a><a href=\"https:\/\/www.exhibitionlaboratory.fi\/taiteilija\/sakari-vinko\"> Sakari Vinko <\/a><a href=\"https:\/\/www.exhibitionlaboratory.fi\/taiteilija\/risako-yamanoi\">Risako Yamanoi<\/a><\/p>\n\n\n\n<h3 class=\"wp-block-heading\" id=\"opastetut-kierrokset\">Opastetut kierrokset<\/h3>\n\n\n\n<p>Sunnuntai 25.10. klo 14: Taideker\u00e4ilij\u00e4, Kuvataideakatemian yst\u00e4v\u00e4t ry.:n puheenjohtaja Seppo Fr\u00e4nti. Rajoitettu osallistujam\u00e4\u00e4r\u00e4, linkki ilmoittautumiseen tulossa.<\/p>\n\n\n\n<p>Lauantai 31.10. klo 14: Anastasia Isakova ja Katariina Timonen ovat Amos Rexiss\u00e4 n\u00e4hdyn Generation 2020 -n\u00e4yttelyn kuraattoreita. He ovat opiskelleet Kuvataideakatemian Praxis-maisteriohjelmassa. <br><br>https:\/\/www.exhibitionlaboratory.fi\/kuvan-kevat<\/p>\n","protected":false},"excerpt":{"rendered":"<p>11.10. &#8211; 8.11.2020 Exhibition Laboratory, Helsinki Toukokuulta koronan takia peruutettu maisterin\u00e4yttely j\u00e4rjestet\u00e4\u00e4n t\u00e4n\u00e4 vuonna loka-marraskuussa. N\u00e4yttelyyn osallistuu 39 kuvataiteen maisterin tutkintoaan viimeistelev\u00e4\u00e4 taiteilijaa Kuvataideakatemian opetusalueilta: maalaus, kuvanveisto, taidegrafiikka ja tila-aikataiteet.&hellip;<\/p>\n<p class=\"more-link-wrapper\"><a class=\"more-link\" href=\"https:\/\/kaijahinkula.com\/?p=1241\"><span class=\"fa fa-mail-forward read-more-icon\"><\/span><span class=\"screen-reader-text\">Read More<\/span><\/a><\/p>\n","protected":false},"author":3,"featured_media":1242,"comment_status":"closed","ping_status":"closed","sticky":false,"template":"","format":"standard","meta":{"_jetpack_memberships_contains_paid_content":false,"footnotes":""},"categories":[25,4],"tags":[],"class_list":["post-1241","post","type-post","status-publish","format-standard","has-post-thumbnail","hentry","category-group-exhibitions","category-news"],"jetpack_featured_media_url":"https:\/\/kaijahinkula.com\/wp-content\/uploads\/2020\/10\/KK20_vaaka_1600px.jpg","jetpack_sharing_enabled":true,"_links":{"self":[{"href":"https:\/\/kaijahinkula.com\/index.php?rest_route=\/wp\/v2\/posts\/1241","targetHints":{"allow":["GET"]}}],"collection":[{"href":"https:\/\/kaijahinkula.com\/index.php?rest_route=\/wp\/v2\/posts"}],"about":[{"href":"https:\/\/kaijahinkula.com\/index.php?rest_route=\/wp\/v2\/types\/post"}],"author":[{"embeddable":true,"href":"https:\/\/kaijahinkula.com\/index.php?rest_route=\/wp\/v2\/users\/3"}],"replies":[{"embeddable":true,"href":"https:\/\/kaijahinkula.com\/index.php?rest_route=%2Fwp%2Fv2%2Fcomments&post=1241"}],"version-history":[{"count":5,"href":"https:\/\/kaijahinkula.com\/index.php?rest_route=\/wp\/v2\/posts\/1241\/revisions"}],"predecessor-version":[{"id":1247,"href":"https:\/\/kaijahinkula.com\/index.php?rest_route=\/wp\/v2\/posts\/1241\/revisions\/1247"}],"wp:featuredmedia":[{"embeddable":true,"href":"https:\/\/kaijahinkula.com\/index.php?rest_route=\/wp\/v2\/media\/1242"}],"wp:attachment":[{"href":"https:\/\/kaijahinkula.com\/index.php?rest_route=%2Fwp%2Fv2%2Fmedia&parent=1241"}],"wp:term":[{"taxonomy":"category","embeddable":true,"href":"https:\/\/kaijahinkula.com\/index.php?rest_route=%2Fwp%2Fv2%2Fcategories&post=1241"},{"taxonomy":"post_tag","embeddable":true,"href":"https:\/\/kaijahinkula.com\/index.php?rest_route=%2Fwp%2Fv2%2Ftags&post=1241"}],"curies":[{"name":"wp","href":"https:\/\/api.w.org\/{rel}","templated":true}]}}